{"id":6587,"date":"2024-03-26T16:50:50","date_gmt":"2024-03-26T15:50:50","guid":{"rendered":"https:\/\/unionsyndicale.eu\/?post_type=agora_article&#038;p=6587"},"modified":"2024-04-04T10:49:35","modified_gmt":"2024-04-04T09:49:35","slug":"half-a-century-of-union-syndicale-federale","status":"publish","type":"agora_article","link":"https:\/\/unionsyndicale.eu\/en\/agora_article\/half-a-century-of-union-syndicale-federale\/","title":{"rendered":"Half a century of Union Syndicale F\u00e9d\u00e9rale"},"content":{"rendered":"<section class=\"l-section wpb_row height_auto\"><div class=\"l-section-h i-cf\"><div class=\"g-cols vc_row via_flex valign_top type_default stacking_default\"><div class=\"vc_col-sm-1 wpb_column vc_column_container prevcolumn hide_on_tablets hide_on_mobiles has_bg_color stretched\"><div class=\"vc_column-inner us_custom_7de2aec7\"><div class=\"wpb_wrapper\"><div class=\"w-iconbox iconpos_left style_default color_primary align_right no_text\"><div class=\"w-iconbox-icon\" style=\"font-size:1em;\"><i class=\"far fa-arrow-left\"><\/i><\/div><div class=\"w-iconbox-meta\"><span class=\"w-iconbox-title\">Previous<\/span><\/div><\/div><\/div><\/div><\/div><div class=\"vc_col-sm-10 wpb_column vc_column_container hide_on_tablets hide_on_mobiles\"><div class=\"vc_column-inner\"><div class=\"wpb_wrapper\"><h1 class=\"w-post-elm post_title us_custom_9bb7a90a entry-title color_link_inherit\">Half a century of Union Syndicale F\u00e9d\u00e9rale<\/h1><\/div><\/div><\/div><div class=\"vc_col-sm-12 wpb_column vc_column_container hide_on_default hide_on_laptops\"><div class=\"vc_column-inner\"><div class=\"wpb_wrapper\"><div class=\"w-separator size_small\"><\/div><div class=\"w-hwrapper valign_middle align_center\" style=\"--hwrapper-gap:1rem\"><div class=\"w-iconbox iconpos_left style_default color_primary align_right no_text\"><div class=\"w-iconbox-icon\" style=\"font-size:1em;\"><i class=\"far fa-arrow-left\"><\/i><\/div><div class=\"w-iconbox-meta\"><span class=\"w-iconbox-title\">Previous<\/span><\/div><\/div><div class=\"w-iconbox iconpos_right style_default color_primary align_left no_text\"><div class=\"w-iconbox-meta\"><span class=\"w-iconbox-title\">Next<\/span><\/div><div class=\"w-iconbox-icon\" style=\"font-size:1em;\"><i class=\"far fa-arrow-right\"><\/i><\/div><\/div><\/div><div class=\"w-separator size_small\"><\/div><h1 class=\"w-post-elm post_title us_custom_9bb7a90a entry-title color_link_inherit\">Half a century of Union Syndicale F\u00e9d\u00e9rale<\/h1><\/div><\/div><\/div><div class=\"vc_col-sm-1 wpb_column vc_column_container nextcolumn hide_on_tablets hide_on_mobiles has_bg_color stretched\"><div class=\"vc_column-inner us_custom_7de2aec7\"><div class=\"wpb_wrapper\"><div class=\"w-iconbox iconpos_right style_default color_primary align_left no_text\"><div class=\"w-iconbox-meta\"><span class=\"w-iconbox-title\">Next<\/span><\/div><div class=\"w-iconbox-icon\" style=\"font-size:1em;\"><i class=\"far fa-arrow-right\"><\/i><\/div><\/div><\/div><\/div><\/div><\/div><\/div><\/section><section class=\"l-section wpb_row height_auto\"><div class=\"l-section-h i-cf\"><div class=\"g-cols vc_row via_flex valign_top type_default stacking_default\"><div class=\"vc_col-sm-1 wpb_column vc_column_container\"><div class=\"vc_column-inner\"><div class=\"wpb_wrapper\"><\/div><\/div><\/div><div class=\"vc_col-sm-10 wpb_column vc_column_container\"><div class=\"vc_column-inner\"><div class=\"wpb_wrapper\"><div class=\"w-hwrapper valign_middle align_center\" style=\"--hwrapper-gap:0rem\"><div class=\"w-post-elm post_taxonomy us_custom_acdd79d8 has_text_color style_simple color_link_inherit\"><span class=\"term-25 term-agora-91\">Agora #91<\/span><\/div><div class=\"w-post-elm post_custom_field us_custom_a518f2fa redlinebefore has_text_color type_text page_numbers color_link_inherit\"><span class=\"w-post-elm-value\">35<\/span><\/div><\/div><div class=\"w-separator size_medium\"><\/div><p class=\"w-post-elm post_custom_field us_custom_58b1af09 type_text short_description color_link_inherit\"><span class=\"w-post-elm-value\">This year is an appropriate time to recall the important role played by USF here, there and elsewhere.<\/span><\/p><\/div><\/div><\/div><div class=\"vc_col-sm-1 wpb_column vc_column_container\"><div class=\"vc_column-inner\"><div class=\"wpb_wrapper\"><\/div><\/div><\/div><\/div><\/div><\/section>\n<section class=\"l-section wpb_row height_auto\"><div class=\"l-section-h i-cf\"><div class=\"g-cols vc_row via_flex valign_top type_default stacking_default\"><div class=\"vc_col-sm-12 wpb_column vc_column_container cornerrighttop\"><div class=\"vc_column-inner\"><div class=\"wpb_wrapper\"><div class=\"w-separator size_medium\"><\/div><div class=\"g-cols wpb_row via_flex valign_top type_default stacking_default\"><div class=\"vc_col-sm-12 wpb_column vc_column_container\"><div class=\"vc_column-inner\"><div class=\"wpb_wrapper\"><div class=\"w-image cornerleftbottom has_ratio align_none\"><div class=\"w-image-h\"><div style=\"padding-bottom:42.8571%\"><\/div><img decoding=\"async\" width=\"2560\" height=\"1853\" src=\"https:\/\/unionsyndicale.eu\/wp-content\/uploads\/2024\/03\/SUSYNDC4001230417141500_0001-scaled.jpg\" class=\"attachment-full size-full\" alt=\"\" loading=\"lazy\" \/><\/div><\/div><\/div><\/div><\/div><\/div><\/div><\/div><\/div><\/div><\/div><\/section><section class=\"l-section wpb_row height_auto\"><div class=\"l-section-h i-cf\"><div class=\"g-cols vc_row via_flex valign_top type_default stacking_default\"><div class=\"vc_col-sm-12 wpb_column vc_column_container cornerlefttop\"><div class=\"vc_column-inner\"><div class=\"wpb_wrapper\"><div class=\"g-cols wpb_row via_flex valign_middle type_boxes stacking_default\"><div class=\"vc_col-sm-12 wpb_column vc_column_container\"><div class=\"vc_column-inner\"><div class=\"wpb_wrapper\"><div class=\"wpb_text_column us_custom_432d3f53 column2auto\"><div class=\"wpb_wrapper\"><p>In 2024, Union Syndicale F\u00e9d\u00e9rale celebrates its 50th anniversary. All these years spent striving to do better for the staff of the European institutions. Each component in Brussels, Luxembourg, Ispra, Karlsruhe, Petten, Berlin, Munich and Strasbourg has proved itself equal to the task, and worthy of representing staff in institutional and inter-institutional settings.<\/p>\n<p>Union Syndicale Brussels covers an important network of sections in existing institutions, enabling other sections located far from the union&#8217;s headquarters to keep abreast of internal social and economic policy developments. Union Syndicale F\u00e9d\u00e9rale has laid the foundations for political and social synergy, enabling all colleagues in difficulty to find support, help and a sympathetic ear at any time.<\/p>\n<p>The strike actions orchestrated by the union itself as leader: 1992, 2004, 2014, change of status &#8211; the Caston report reforming careers, not forgetting the countless meetings with our authorities to find more acceptable agreements for all colleagues.<\/p>\n<p>The Commission&#8217;s Brussels-based sections, the USB and the Luxembourg section, the USL, which unfortunately preferred to join forces with other players in the political representation of staff, organized protest actions to oppose the unilateral decisions of our authorities.<\/p>\n<p>The Union Syndicale F\u00e9d\u00e9rale Luxembourg, born of a grouping of courageous members in view of the current socio-economic situation, has returned to the foundations of the Union F\u00e9d\u00e9rale, in order to pursue the principal missions of a trade union. As the days go by, Union Syndicale F\u00e9d\u00e9rale continues and will continue to gather its forces with the essential aim of fighting for the staff of the European institutions. This year is an appropriate time to recall the important role played by USF here, there and elsewhere.<\/p>\n<p>Happy anniversary!<\/p>\n<\/div><\/div><\/div><\/div><\/div><\/div><div class=\"w-separator size_large with_line width_50 thick_2 style_solid color_border align_center\"><div class=\"w-separator-h\"><\/div><\/div><div class=\"w-separator size_large with_line width_50 thick_1 style_solid color_primary align_center\"><div class=\"w-separator-h\"><\/div><\/div><\/div><\/div><\/div><\/div><\/div><\/section><section class=\"l-section wpb_row height_medium\"><div class=\"l-section-h i-cf\"><div class=\"g-cols vc_row via_flex valign_top type_default stacking_default\"><div class=\"vc_col-sm-12 wpb_column vc_column_container\"><div class=\"vc_column-inner\"><div class=\"wpb_wrapper\"><\/div><\/div><\/div><\/div><\/div><\/section><section class=\"l-section wpb_row height_auto\"><div class=\"l-section-h i-cf\"><div class=\"g-cols vc_row via_flex valign_top type_default stacking_default\"><div class=\"vc_col-sm-2 wpb_column vc_column_container\"><div class=\"vc_column-inner\"><div class=\"wpb_wrapper\"><div class=\"w-image us_custom_3880b28b cornerbottomright has_ratio align_left\"><div class=\"w-image-h\"><div style=\"padding-bottom:100%\"><\/div><img decoding=\"async\" width=\"720\" height=\"960\" src=\"https:\/\/unionsyndicale.eu\/wp-content\/uploads\/2024\/03\/Yves-Orvilles-USFL-e1711110143808.jpeg\" class=\"attachment-large size-large\" alt=\"\" loading=\"lazy\" \/><\/div><\/div><\/div><\/div><\/div><div class=\"vc_col-sm-10 wpb_column vc_column_container cornerleftbottom\"><div class=\"vc_column-inner us_custom_77db9625\"><div class=\"wpb_wrapper\"><div class=\"wpb_text_column\"><div class=\"wpb_wrapper\"><h4>Yves Orville<\/h4>\n<\/div><\/div><div class=\"w-separator size_small\"><\/div><div class=\"wpb_text_column us_custom_fc36dcad\"><div class=\"wpb_wrapper\"><h6>About The Author<\/h6>\n<\/div><\/div><div class=\"w-separator size_small\"><\/div><div class=\"wpb_text_column us_custom_432d3f53\"><div class=\"wpb_wrapper\"><p>Member of Union Syndicale F\u00e9d\u00e9rale &#8211; Luxembourg<\/p>\n<\/div><\/div><\/div><\/div><\/div><div class=\"vc_col-sm-12 wpb_column vc_column_container\"><div class=\"vc_column-inner\"><div class=\"wpb_wrapper\"><div class=\"w-separator size_medium\"><\/div><\/div><\/div><\/div><\/div><\/div><\/section>\n","protected":false},"featured_media":0,"menu_order":0,"template":"","meta":{"_acf_changed":false},"agora_edition":[25],"class_list":["post-6587","agora_article","type-agora_article","status-publish","hentry","agora_edition-agora-91"],"acf":[],"yoast_head":"<!-- This site is optimized with the Yoast SEO plugin v27.3 - https:\/\/yoast.com\/product\/yoast-seo-wordpress\/ -->\n<title>Half a century of Union Syndicale F\u00e9d\u00e9rale - Union Syndicale<\/title>\n<meta name=\"description\" content=\"This year is an appropriate time to recall the important role played by USF here, there and elsewhere.\" \/>\n<meta name=\"robots\" content=\"index, follow, max-snippet:-1, max-image-preview:large, max-video-preview:-1\" \/>\n<link rel=\"canonical\" href=\"https:\/\/unionsyndicale.eu\/en\/agora_article\/half-a-century-of-union-syndicale-federale\/\" \/>\n<meta property=\"og:locale\" content=\"en_US\" \/>\n<meta property=\"og:type\" content=\"article\" \/>\n<meta property=\"og:title\" content=\"Half a century of Union Syndicale F\u00e9d\u00e9rale - Union Syndicale\" \/>\n<meta property=\"og:description\" content=\"This year is an appropriate time to recall the important role played by USF here, there and elsewhere.\" \/>\n<meta property=\"og:url\" content=\"https:\/\/unionsyndicale.eu\/en\/agora_article\/half-a-century-of-union-syndicale-federale\/\" \/>\n<meta property=\"og:site_name\" content=\"Union Syndicale\" \/>\n<meta property=\"article:modified_time\" content=\"2024-04-04T09:49:35+00:00\" \/>\n<meta name=\"twitter:card\" content=\"summary_large_image\" \/>\n<meta name=\"twitter:label1\" content=\"Est. reading time\" \/>\n\t<meta name=\"twitter:data1\" content=\"3 minutes\" \/>\n<script type=\"application\/ld+json\" class=\"yoast-schema-graph\">{\"@context\":\"https:\\\/\\\/schema.org\",\"@graph\":[{\"@type\":\"WebPage\",\"@id\":\"https:\\\/\\\/unionsyndicale.eu\\\/en\\\/agora_article\\\/half-a-century-of-union-syndicale-federale\\\/\",\"url\":\"https:\\\/\\\/unionsyndicale.eu\\\/en\\\/agora_article\\\/half-a-century-of-union-syndicale-federale\\\/\",\"name\":\"Half a century of Union Syndicale F\u00e9d\u00e9rale - Union Syndicale\",\"isPartOf\":{\"@id\":\"https:\\\/\\\/unionsyndicale.eu\\\/en\\\/#website\"},\"datePublished\":\"2024-03-26T15:50:50+00:00\",\"dateModified\":\"2024-04-04T09:49:35+00:00\",\"description\":\"This year is an appropriate time to recall the important role played by USF here, there and elsewhere.\",\"breadcrumb\":{\"@id\":\"https:\\\/\\\/unionsyndicale.eu\\\/en\\\/agora_article\\\/half-a-century-of-union-syndicale-federale\\\/#breadcrumb\"},\"inLanguage\":\"en-US\",\"potentialAction\":[{\"@type\":\"ReadAction\",\"target\":[\"https:\\\/\\\/unionsyndicale.eu\\\/en\\\/agora_article\\\/half-a-century-of-union-syndicale-federale\\\/\"]}]},{\"@type\":\"BreadcrumbList\",\"@id\":\"https:\\\/\\\/unionsyndicale.eu\\\/en\\\/agora_article\\\/half-a-century-of-union-syndicale-federale\\\/#breadcrumb\",\"itemListElement\":[{\"@type\":\"ListItem\",\"position\":1,\"name\":\"Home\",\"item\":\"https:\\\/\\\/unionsyndicale.eu\\\/en\\\/\"},{\"@type\":\"ListItem\",\"position\":2,\"name\":\"Half a century of Union Syndicale F\u00e9d\u00e9rale\"}]},{\"@type\":\"WebSite\",\"@id\":\"https:\\\/\\\/unionsyndicale.eu\\\/en\\\/#website\",\"url\":\"https:\\\/\\\/unionsyndicale.eu\\\/en\\\/\",\"name\":\"Union Syndicale\",\"description\":\"\",\"potentialAction\":[{\"@type\":\"SearchAction\",\"target\":{\"@type\":\"EntryPoint\",\"urlTemplate\":\"https:\\\/\\\/unionsyndicale.eu\\\/en\\\/?s={search_term_string}\"},\"query-input\":{\"@type\":\"PropertyValueSpecification\",\"valueRequired\":true,\"valueName\":\"search_term_string\"}}],\"inLanguage\":\"en-US\"}]}<\/script>\n<!-- \/ Yoast SEO plugin. -->","yoast_head_json":{"title":"Half a century of Union Syndicale F\u00e9d\u00e9rale - Union Syndicale","description":"This year is an appropriate time to recall the important role played by USF here, there and elsewhere.","robots":{"index":"index","follow":"follow","max-snippet":"max-snippet:-1","max-image-preview":"max-image-preview:large","max-video-preview":"max-video-preview:-1"},"canonical":"https:\/\/unionsyndicale.eu\/en\/agora_article\/half-a-century-of-union-syndicale-federale\/","og_locale":"en_US","og_type":"article","og_title":"Half a century of Union Syndicale F\u00e9d\u00e9rale - Union Syndicale","og_description":"This year is an appropriate time to recall the important role played by USF here, there and elsewhere.","og_url":"https:\/\/unionsyndicale.eu\/en\/agora_article\/half-a-century-of-union-syndicale-federale\/","og_site_name":"Union Syndicale","article_modified_time":"2024-04-04T09:49:35+00:00","twitter_card":"summary_large_image","twitter_misc":{"Est. reading time":"3 minutes"},"schema":{"@context":"https:\/\/schema.org","@graph":[{"@type":"WebPage","@id":"https:\/\/unionsyndicale.eu\/en\/agora_article\/half-a-century-of-union-syndicale-federale\/","url":"https:\/\/unionsyndicale.eu\/en\/agora_article\/half-a-century-of-union-syndicale-federale\/","name":"Half a century of Union Syndicale F\u00e9d\u00e9rale - Union Syndicale","isPartOf":{"@id":"https:\/\/unionsyndicale.eu\/en\/#website"},"datePublished":"2024-03-26T15:50:50+00:00","dateModified":"2024-04-04T09:49:35+00:00","description":"This year is an appropriate time to recall the important role played by USF here, there and elsewhere.","breadcrumb":{"@id":"https:\/\/unionsyndicale.eu\/en\/agora_article\/half-a-century-of-union-syndicale-federale\/#breadcrumb"},"inLanguage":"en-US","potentialAction":[{"@type":"ReadAction","target":["https:\/\/unionsyndicale.eu\/en\/agora_article\/half-a-century-of-union-syndicale-federale\/"]}]},{"@type":"BreadcrumbList","@id":"https:\/\/unionsyndicale.eu\/en\/agora_article\/half-a-century-of-union-syndicale-federale\/#breadcrumb","itemListElement":[{"@type":"ListItem","position":1,"name":"Home","item":"https:\/\/unionsyndicale.eu\/en\/"},{"@type":"ListItem","position":2,"name":"Half a century of Union Syndicale F\u00e9d\u00e9rale"}]},{"@type":"WebSite","@id":"https:\/\/unionsyndicale.eu\/en\/#website","url":"https:\/\/unionsyndicale.eu\/en\/","name":"Union Syndicale","description":"","potentialAction":[{"@type":"SearchAction","target":{"@type":"EntryPoint","urlTemplate":"https:\/\/unionsyndicale.eu\/en\/?s={search_term_string}"},"query-input":{"@type":"PropertyValueSpecification","valueRequired":true,"valueName":"search_term_string"}}],"inLanguage":"en-US"}]}},"_links":{"self":[{"href":"https:\/\/unionsyndicale.eu\/en\/wp-json\/wp\/v2\/agora_article\/6587","targetHints":{"allow":["GET"]}}],"collection":[{"href":"https:\/\/unionsyndicale.eu\/en\/wp-json\/wp\/v2\/agora_article"}],"about":[{"href":"https:\/\/unionsyndicale.eu\/en\/wp-json\/wp\/v2\/types\/agora_article"}],"wp:attachment":[{"href":"https:\/\/unionsyndicale.eu\/en\/wp-json\/wp\/v2\/media?parent=6587"}],"wp:term":[{"taxonomy":"agora_edition","embeddable":true,"href":"https:\/\/unionsyndicale.eu\/en\/wp-json\/wp\/v2\/agora_edition?post=6587"}],"curies":[{"name":"wp","href":"https:\/\/api.w.org\/{rel}","templated":true}]}}