{"id":2517,"date":"2023-04-24T09:52:44","date_gmt":"2023-04-24T08:52:44","guid":{"rendered":"https:\/\/unionsyndicale.eu\/agora_article\/archeologie-de-lunion-syndicale\/"},"modified":"2023-07-24T15:29:25","modified_gmt":"2023-07-24T14:29:25","slug":"archeology-of-the-us","status":"publish","type":"agora_article","link":"https:\/\/unionsyndicale.eu\/en\/agora_article\/archeology-of-the-us\/","title":{"rendered":"Archeology of the US"},"content":{"rendered":"<section class=\"l-section wpb_row height_auto\"><div class=\"l-section-h i-cf\"><div class=\"g-cols vc_row via_flex valign_top type_default stacking_default\"><div class=\"vc_col-sm-1 wpb_column vc_column_container prevcolumn hide_on_tablets hide_on_mobiles has_bg_color stretched\"><div class=\"vc_column-inner us_custom_7de2aec7\"><div class=\"wpb_wrapper\"><div class=\"w-iconbox iconpos_left style_default color_primary align_right no_text\"><div class=\"w-iconbox-icon\" style=\"font-size:1em;\"><i class=\"far fa-arrow-left\"><\/i><\/div><div class=\"w-iconbox-meta\"><span class=\"w-iconbox-title\">Previous<\/span><\/div><\/div><\/div><\/div><\/div><div class=\"vc_col-sm-10 wpb_column vc_column_container hide_on_tablets hide_on_mobiles\"><div class=\"vc_column-inner\"><div class=\"wpb_wrapper\"><h1 class=\"w-post-elm post_title us_custom_9bb7a90a entry-title color_link_inherit\">Archeology of the US<\/h1><\/div><\/div><\/div><div class=\"vc_col-sm-12 wpb_column vc_column_container hide_on_default hide_on_laptops\"><div class=\"vc_column-inner\"><div class=\"wpb_wrapper\"><div class=\"w-separator size_small\"><\/div><div class=\"w-hwrapper valign_middle align_center\" style=\"--hwrapper-gap:1rem\"><div class=\"w-iconbox iconpos_left style_default color_primary align_right no_text\"><div class=\"w-iconbox-icon\" style=\"font-size:1em;\"><i class=\"far fa-arrow-left\"><\/i><\/div><div class=\"w-iconbox-meta\"><span class=\"w-iconbox-title\">Previous<\/span><\/div><\/div><div class=\"w-iconbox iconpos_right style_default color_primary align_left no_text\"><div class=\"w-iconbox-meta\"><span class=\"w-iconbox-title\">Next<\/span><\/div><div class=\"w-iconbox-icon\" style=\"font-size:1em;\"><i class=\"far fa-arrow-right\"><\/i><\/div><\/div><\/div><div class=\"w-separator size_small\"><\/div><h1 class=\"w-post-elm post_title us_custom_9bb7a90a entry-title color_link_inherit\">Archeology of the US<\/h1><\/div><\/div><\/div><div class=\"vc_col-sm-1 wpb_column vc_column_container nextcolumn hide_on_tablets hide_on_mobiles has_bg_color stretched\"><div class=\"vc_column-inner us_custom_7de2aec7\"><div class=\"wpb_wrapper\"><div class=\"w-iconbox iconpos_right style_default color_primary align_left no_text\"><div class=\"w-iconbox-meta\"><span class=\"w-iconbox-title\">Next<\/span><\/div><div class=\"w-iconbox-icon\" style=\"font-size:1em;\"><i class=\"far fa-arrow-right\"><\/i><\/div><\/div><\/div><\/div><\/div><\/div><\/div><\/section><section class=\"l-section wpb_row height_auto\"><div class=\"l-section-h i-cf\"><div class=\"g-cols vc_row via_flex valign_top type_default stacking_default\"><div class=\"vc_col-sm-1 wpb_column vc_column_container\"><div class=\"vc_column-inner\"><div class=\"wpb_wrapper\"><\/div><\/div><\/div><div class=\"vc_col-sm-10 wpb_column vc_column_container\"><div class=\"vc_column-inner\"><div class=\"wpb_wrapper\"><div class=\"w-hwrapper valign_middle align_center\" style=\"--hwrapper-gap:0rem\"><div class=\"w-post-elm post_taxonomy us_custom_acdd79d8 has_text_color style_simple color_link_inherit\"><span class=\"term-79 term-agora-88-en\">Agora #88<\/span><\/div><div class=\"w-post-elm post_custom_field us_custom_a518f2fa redlinebefore has_text_color type_text page_numbers color_link_inherit\"><span class=\"w-post-elm-value\">Pages 4 - 7<\/span><\/div><\/div><div class=\"w-separator size_medium\"><\/div><p class=\"w-post-elm post_custom_field us_custom_58b1af09 type_text short_description color_link_inherit\"><span class=\"w-post-elm-value\">Union Syndicale Service Public Europ\u00e9en \u2013 Bruxelles (USB) was founded on Thursday, 25 January 1973 at a constituent general meeting of members of the SGPOE \u2013 Bruxelles regroupement...<\/span><\/p><\/div><\/div><\/div><div class=\"vc_col-sm-1 wpb_column vc_column_container\"><div class=\"vc_column-inner\"><div class=\"wpb_wrapper\"><\/div><\/div><\/div><\/div><\/div><\/section>\n<section class=\"l-section wpb_row height_auto\"><div class=\"l-section-h i-cf\"><div class=\"g-cols vc_row via_flex valign_top type_default stacking_default\"><div class=\"vc_col-sm-12 wpb_column vc_column_container\"><div class=\"vc_column-inner\"><div class=\"wpb_wrapper\"><div class=\"w-separator size_medium\"><\/div><\/div><\/div><\/div><\/div><\/div><\/section><section class=\"l-section wpb_row height_auto\"><div class=\"l-section-h i-cf\"><div class=\"g-cols vc_row via_flex valign_top type_default stacking_default\"><div class=\"vc_col-sm-12 wpb_column vc_column_container cornerlefttop has_bg_color\"><div class=\"vc_column-inner us_custom_5dc3df59\"><div class=\"wpb_wrapper\"><div class=\"g-cols wpb_row via_flex valign_middle type_boxes stacking_default\"><div class=\"vc_col-sm-6 wpb_column vc_column_container\"><div class=\"vc_column-inner\"><div class=\"wpb_wrapper\"><div class=\"w-image nocorners has_ratio align_none\"><div class=\"w-image-h\"><div style=\"padding-bottom:66.6667%\"><\/div><img decoding=\"async\" width=\"1024\" height=\"683\" src=\"https:\/\/unionsyndicale.eu\/wp-content\/uploads\/2023\/04\/AdobeStock_330244256-scaled-1-1024x683.jpeg\" class=\"attachment-large size-large\" alt=\"\" loading=\"lazy\" \/><\/div><\/div><\/div><\/div><\/div><div class=\"vc_col-sm-6 wpb_column vc_column_container\"><div class=\"vc_column-inner\"><div class=\"wpb_wrapper\"><div class=\"wpb_text_column us_custom_6745946f has_text_color\"><div class=\"wpb_wrapper\"><h4>A brief history<\/h4>\n<\/div><\/div><div class=\"w-separator size_small\"><\/div><div class=\"wpb_text_column us_custom_432d3f53\"><div class=\"wpb_wrapper\"><p>Union Syndicale Service Public Europ\u00e9en \u2013 Bruxelles (USB) was founded on Thursday, 25 January 1973 at a constituent general meeting of members of the SGPOE \u2013 Bruxelles regroupement [1] and the SGPOI \u2013 unifi\u00e9 [2]. The meeting, convened at 2.30 p.m., was attended by more than 600 members in the 2nd basement restaurant of the Berlaymont building. It was chaired by the Secretary General of the Belgian General Public Services Union (CGSP).<\/p>\n<p>50 years ago, the USB was born in a context of European enlargement, with the Cold War in the background, which polarised social conflicts and fragmented the international trade union movement.<\/p>\n<p>_<\/p>\n<p><sub>[1] Syndicat G\u00e9n\u00e9ral du Personnel des Organismes Europ\u00e9ens<\/sub><\/p>\n<p><sub>[2] Syndicat G\u00e9n\u00e9ral du Personnel des Organismes internationaux<sub><\/p>\n<\/div><\/div><\/div><\/div><\/div><\/div><\/div><\/div><\/div><\/div><\/div><\/section><section class=\"l-section wpb_row height_medium\"><div class=\"l-section-h i-cf\"><div class=\"g-cols vc_row via_flex valign_top type_default stacking_default\"><div class=\"vc_col-sm-12 wpb_column vc_column_container\"><div class=\"vc_column-inner\"><div class=\"wpb_wrapper\"><div class=\"g-cols wpb_row via_flex valign_top type_default stacking_default\"><div class=\"vc_col-sm-6 wpb_column vc_column_container\"><div class=\"vc_column-inner\"><div class=\"wpb_wrapper\"><div class=\"wpb_text_column us_custom_6745946f has_text_color\"><div class=\"wpb_wrapper\"><p><\/sub><\/sub><\/p>\n<h4>The enlargement of Europe<\/h4>\n<\/div><\/div><div class=\"w-separator size_small\"><\/div><div class=\"wpb_text_column us_custom_432d3f53\"><div class=\"wpb_wrapper\"><p>At the end of the 1960s, the Member States of the Communities (EEC, ECSC, and EAEC\/Euratom) were hit by disorders that undermined the functioning of the common market. In order to avoid divergences caused by national political responses, the Six agreed on a step-by-step plan for the creation of a European economic and monetary union.<\/p>\n<p>During the 1960s, the British reoriented their foreign policy towards an increasingly prosperous continental Europe, whereas in the previous decade they had avoided all attempts at European integration that might challenge their sovereignty, their links with their former empire and their privileged relationship with the USA. After two refusals by France, in 1961 and 1967, which feared a weakening of the EEC, the United Kingdom finally had access to the common market. Following the Accession Treaty, signed on 22 January 1971, it was officially admitted on 1 January 1973, along with Ireland and Denmark (see Historical events in the construction of Europe (1945-2014) on the CVCE.eu research infrastructure of the University of Luxembourg ).<\/p>\n<\/div><\/div><\/div><\/div><\/div><div class=\"vc_col-sm-6 wpb_column vc_column_container\"><div class=\"vc_column-inner\"><div class=\"wpb_wrapper\"><div class=\"wpb_text_column us_custom_6745946f has_text_color\"><div class=\"wpb_wrapper\"><h4>The institutions as architectures of integration<\/h4>\n<\/div><\/div><div class=\"w-separator size_small\"><\/div><div class=\"wpb_text_column us_custom_432d3f53\"><div class=\"wpb_wrapper\"><p>In the process of building a European Union, the intellectual and ideological dimension plays an important role, but its concrete expressions are even more important because they are what make it a reality. Among its many expressions: the European institutions, the true architecture of European integration. They are the social forms and structures related to Europe. These will take a specific form since they are necessarily international organisations.<\/p>\n<\/div><\/div><\/div><\/div><\/div><\/div><\/div><\/div><\/div><\/div><\/div><\/section><section class=\"l-section wpb_row height_auto\"><div class=\"l-section-h i-cf\"><div class=\"g-cols vc_row via_flex valign_middle type_default reversed stacking_default\" style=\"--additional-gap:30px;\"><div class=\"vc_col-sm-6 wpb_column vc_column_container\"><div class=\"vc_column-inner\"><div class=\"wpb_wrapper\"><div class=\"w-image cornerrighttop has_ratio align_none\"><div class=\"w-image-h\"><div style=\"padding-bottom:71.4286%\"><\/div><img decoding=\"async\" width=\"500\" height=\"262\" src=\"https:\/\/unionsyndicale.eu\/wp-content\/uploads\/2023\/04\/AdobeStock_485585529-500x262-1.jpeg\" class=\"attachment-large size-large\" alt=\"\" loading=\"lazy\" \/><\/div><\/div><\/div><\/div><\/div><div class=\"vc_col-sm-6 wpb_column vc_column_container\"><div class=\"vc_column-inner\"><div class=\"wpb_wrapper\"><div class=\"wpb_text_column us_custom_6745946f has_text_color\"><div class=\"wpb_wrapper\"><h4>The expansion of the European civil service<\/h4>\n<\/div><\/div><div class=\"w-separator size_small\"><\/div><div class=\"wpb_text_column us_custom_432d3f53\"><div class=\"wpb_wrapper\"><p>To facilitate the economic expansion of the Community, the Treaty of Rome (1957) established a European Investment Bank. It also provides for the association of the overseas countries and territories, i.e. the French, Italian, Dutch and Belgian colonies, with a view to \u201cincreasing trade and pursuing joint economic and social development\u201d. To achieve these tasks, the Treaty establishes a European Parliament, a Council, a Commission and a Court of Justice. All of these institutions had to be staffed with personnel assigned to their operation: in the early 1970s, the number of staff rose to almost 10,000 officials and agents.<\/p>\n<\/div><\/div><div class=\"w-separator size_small\"><\/div><div class=\"wpb_text_column us_custom_6745946f has_text_color\"><div class=\"wpb_wrapper\"><h4>Cold War and changes in the trade union movement<\/h4>\n<\/div><\/div><div class=\"w-separator size_small\"><\/div><div class=\"wpb_text_column us_custom_432d3f53\"><div class=\"wpb_wrapper\"><p>The years 1968-1974 saw a very strong increase in strikes compared to previous years. The revival of activism was accompanied by a change in the distribution of power within the unions. Indeed, the increase in the influence of the rank and file reduced the power of the trade union apparatuses at the same time as the stakes and strategies of the conflicts were increasingly defined at the workplace level.<\/p>\n<\/div><\/div><\/div><\/div><\/div><\/div><\/div><\/section><section class=\"l-section wpb_row height_medium\"><div class=\"l-section-h i-cf\"><div class=\"g-cols vc_row via_flex valign_top type_boxes stacking_default\"><div class=\"vc_col-sm-12 wpb_column vc_column_container cornerlefttop has_bg_color\"><div class=\"vc_column-inner us_custom_5dc3df59\"><div class=\"wpb_wrapper\"><div class=\"wpb_text_column us_custom_6745946f has_text_color\"><div class=\"wpb_wrapper\"><h4>From the ICFTU to the ETUC<\/h4>\n<\/div><\/div><div class=\"w-separator size_small\"><\/div><div class=\"g-cols wpb_row via_flex valign_top type_default stacking_default\"><div class=\"vc_col-sm-12 wpb_column vc_column_container\"><div class=\"vc_column-inner\"><div class=\"wpb_wrapper\"><div class=\"wpb_text_column us_custom_432d3f53 column2auto\"><div class=\"wpb_wrapper\"><p>Immediately after the end of the Second World War, the international trade union movement became polarised, following the logic of the Cold War, which was to intensify progressively. In 1949, under the impetus of the American trade union centre AFL-CIO, the International Confederation of Free Trade Unions (ICFTU) was created, which at the time brought together trade union organisations from 53 countries and claimed to represent almost 48 million organised workers. The Acts of the Congress named \u201cSoviet totalitarianism\u201d as the \u201cpriority enemy\u201d, but a social-democratic minority, mainly from European countries, succeeded in having the final resolution include the condemnation of all dictatorships and the idea that the market should not be the only engine of development.<\/p>\n<p>Dominated by the strategy of containment that aimed to systematically develop opposition to the communist unions or to those in danger of siding with them, the ICFTU supported European integration by setting up an ECSC coordination committee. In 1957, it set up a European Trade Union Secretariat (ETU) through which it pushed its organisations to participate in the process that led to the creation of the European Trade Union Confederation (ETUC). It then created regional organisations to organise strikes as close to the front line as possible; to increase its action significantly, the ICFTU generally relied on the professional trade union federations.<\/p>\n<\/div><\/div><\/div><\/div><\/div><\/div><\/div><\/div><\/div><\/div><\/div><\/section><section class=\"l-section wpb_row height_medium\"><div class=\"l-section-h i-cf\"><div class=\"g-cols vc_row via_flex valign_top type_default stacking_default\"><div class=\"vc_col-sm-12 wpb_column vc_column_container\"><div class=\"vc_column-inner\"><div class=\"wpb_wrapper\"><div class=\"g-cols wpb_row via_flex valign_top type_default stacking_default\"><div class=\"vc_col-sm-6 wpb_column vc_column_container\"><div class=\"vc_column-inner\"><div class=\"wpb_wrapper\"><div class=\"w-image cornerleftbottom has_ratio align_none\"><div class=\"w-image-h\"><div style=\"padding-bottom:54.2857%\"><\/div><img decoding=\"async\" width=\"500\" height=\"333\" src=\"https:\/\/unionsyndicale.eu\/wp-content\/uploads\/2023\/04\/AdobeStock_105623388-500x333-1.jpeg\" class=\"attachment-large size-large\" alt=\"\" loading=\"lazy\" \/><\/div><\/div><\/div><\/div><\/div><div class=\"vc_col-sm-6 wpb_column vc_column_container\"><div class=\"vc_column-inner\"><div class=\"wpb_wrapper\"><div class=\"wpb_text_column us_custom_6745946f has_text_color\"><div class=\"wpb_wrapper\"><h4>Social conflicts in the European institutions<\/h4>\n<\/div><\/div><div class=\"w-separator size_small\"><\/div><div class=\"wpb_text_column us_custom_432d3f53\"><div class=\"wpb_wrapper\"><p>In the context of the first enlargement of Europe and the development of the institutions as a result of the Treaty of Rome, the number of officials and other staff grew to almost 10 000 in the early 1970s. The staff of the institutions rallied. Calls for negotiations on the salaries of local staff, the fight against discrimination against female staff, the expatriation allowance and, above all, the recognition of trade union rights, became increasingly frequent.<\/p>\n<\/div><\/div><div class=\"w-separator size_medium\"><\/div><div class=\"wpb_text_column us_custom_6745946f has_text_color\"><div class=\"wpb_wrapper\"><h4>The unification process<\/h4>\n<\/div><\/div><div class=\"w-separator size_small\"><\/div><div class=\"wpb_text_column us_custom_432d3f53\"><div class=\"wpb_wrapper\"><p>From 27 August 1971, Public Services International (PSI), an international union federation affiliated to the ICFTU, organised a series of meetings with representatives of the staff unions working in the institutions based in Brussels and Luxembourg[1]. The clear objective is to create a federative structure with political allegiance to PSI and the ICFTU.<\/p>\n<p>The PSI General Secretary (Carl W. Franken) chaired the six meetings held between August 1971 and November 1972. The result of this discussion and coordination was a very detailed six-point memorandum of understanding. PSI\u2019s intention was to make the construction of the union a model of trade union unification. This is the meaning of the introductory statement of the Unification General Assembly. The first articles of the USB Rules bear the mark of these affiliations from the very outset.<\/p>\n<p>Moreover, the unions already agree to extend the unification process to all the unions of the institutions of the European Communities with a view to \u201cre-establishing a federal structure\u201d. They also agreed to extend contacts to the trade unions of other international organisations in Europe claiming to be free trade unionists (i.e. anti-communist and social democratic) with a view to creating a federal structure. This will lead to the creation, in 1974, of the Federation called Union des Syndicats.<\/p>\n<p>_<\/p>\n<p><sub>[1] From Brussels : SGPOI \u2013 unifi\u00e9, founded in 1969 and SGPOE \u2013 regroupement, founded in 1959 and from Luxembourg SGPOE \u2013 Luxembourg.<\/sub><\/p>\n<\/div><\/div><\/div><\/div><\/div><\/div><\/div><\/div><\/div><\/div><\/div><\/section><section class=\"l-section wpb_row height_medium\"><div class=\"l-section-h i-cf\"><div class=\"g-cols vc_row via_flex valign_top type_default stacking_default\"><div class=\"vc_col-sm-12 wpb_column vc_column_container\"><div class=\"vc_column-inner\"><div class=\"wpb_wrapper\"><div class=\"wpb_text_column us_custom_6745946f has_text_color\"><div class=\"wpb_wrapper\"><h4>Conception and general orientation of trade union action &amp; Trade union life<\/h4>\n<\/div><\/div><div class=\"w-separator size_small\"><\/div><div class=\"g-cols wpb_row via_flex valign_top type_default stacking_default\"><div class=\"vc_col-sm-12 wpb_column vc_column_container\"><div class=\"vc_column-inner\"><div class=\"wpb_wrapper\"><div class=\"wpb_text_column us_custom_432d3f53 column2auto\"><div class=\"wpb_wrapper\"><p>In December 1972, the executives of the two Brussels organisations each organised a general meeting inviting members to join the constituent GM of the USB to be held in the fourth week of January 1973. The leaflets sent to members urged them to commit themselves to the unification and to come and vote.<\/p>\n<p><strong>On the agenda:<\/strong><\/p>\n<p><strong>Wage and social policy<\/strong><br \/>\nThe new union would have to tackle the problems of wage and social policy: salaries, social security, the fight against discrimination, social action. A framework programme was submitted to the constituent General Meeting.<\/p>\n<p><strong>Concept of the European civil service (Staff Regulations)<\/strong><br \/>\nThis part of the MoU is devoted to the defence of the interests of staff, extended to the concept of the European civil service. It is not the sum of the demands made by staff within the institutions, but the protocol defines a set of general objectives for this purpose, bearing in mind the need to ensure the independence, permanence and quality of the European civil service.<\/p>\n<p>In a Europe at a pivotal moment in its construction, the question of the balance of nationalities arises. Trade union policy must strive to tackle discrimination on the basis of nationality. At that time, there was a tendency to implicitly consider civil servants as the agents of the interests of their country of origin. On the other hand, the Member States were very interested in securing positions of power in the European institutions at various levels of the hierarchy.<\/p>\n<p><strong>Resources of the organisation<\/strong><br \/>\nThe new union claims more than 2 200 members (officials and agents); almost a third of the total number of staff in the European institutions and bodies in Brussels at the time.<\/p>\n<p>The institutions represented were: Commission, Council, Economic and Social Committee, Eurocontrol, Parliament).<\/p>\n<p>Roger Van Campenhout pushed for the adoption of the first solidarity scale of contributions according to basic salary: from 30 BF for a member with a basic salary of 12,000 BF to 250 BF for a basic salary of over 250,000 BF. He called on the GM for \u201ca strong membership fee to ensure an ambitious work programme\u201d, namely<\/p>\n<ul>\n<li>A trade union information and training programme for trade union\u00a0 representatives, mandated workers and leaders.<\/li>\n<li>A package of services for members: legal assistance, a mutual aid fund, a professional training programme for career development, a strike fund, a programme to welcome new civil servants and agents.<\/li>\n<li>Maintaining and developing relations with PSI\/ICFTU affiliated unions in international organisations and other workplaces, as well as with national confederations and unions.<\/li>\n<\/ul>\n<p>As the whole programme generates increased operating costs, the resources required are estimated at 2 million BF per year<\/p>\n<\/div><\/div><\/div><\/div><\/div><\/div><\/div><\/div><\/div><\/div><\/div><\/section><section class=\"l-section wpb_row height_medium\"><div class=\"l-section-h i-cf\"><div class=\"g-cols vc_row via_flex valign_top type_default stacking_default\"><div class=\"vc_col-sm-12 wpb_column vc_column_container\"><div class=\"vc_column-inner\"><div class=\"wpb_wrapper\"><div class=\"wpb_text_column us_custom_6745946f has_text_color\"><div class=\"wpb_wrapper\"><h4>1973-2023: the same old fights?<\/h4>\n<\/div><\/div><div class=\"w-separator size_small\"><\/div><div class=\"g-cols wpb_row via_flex valign_top type_default stacking_default\"><div class=\"vc_col-sm-12 wpb_column vc_column_container\"><div class=\"vc_column-inner\"><div class=\"wpb_wrapper\"><div class=\"wpb_text_column us_custom_432d3f53 column2auto\"><div class=\"wpb_wrapper\"><p>Thus, from the outset, USB set up the structures and resources that would enable it to influence negotiations, both within each institution and at the inter-institutional level. Under the guidance of PSI and the Belgian federation of public services, the union continued to work for the unification of the trade union movement in the European and international institutions and bodies.<\/p>\n<p>The story of its creation is not, however, a straightforward one. A group of trade unionists, mainly local staff and B, C and D grade officials, who were poorly represented in the new executive [1], reacted by regretting the stranglehold of the top grades on the running of the new union. They also considered the monthly fees \u201cunnecessarily high\u201d. Wherever the administration encourages union fragmentation and division, the USB develops solidarity, while others advocate category-based union action.<\/p>\n<p>True to its founding principles, USB has maintained and developed all of its affiliations and its entire membership support programme, including the strike fund, which has been mobilised on several occasions during the five decades of inter-institutional social conflicts in which the union has been involved in the defence of staff.<\/p>\n<p>But the fire is still smouldering, as is the threat of a new reform of the European Civil Service Staff Regulations. Some fights are still going on, such as the building of trade union unity or the recognition of trade unions, particularly in the EU agencies. Union Syndicale is still fighting this 50-year-old battle\u2026<\/p>\n<p><sub>[1] 13 cat. A, 2 cat. B, 3 cat C and 1 cat. D<\/sub><\/p>\n<\/div><\/div><\/div><\/div><\/div><\/div><\/div><\/div><\/div><\/div><\/div><\/section><section class=\"l-section wpb_row height_medium\"><div class=\"l-section-h i-cf\"><div class=\"g-cols vc_row via_flex valign_top type_default stacking_default\"><div class=\"vc_col-sm-12 wpb_column vc_column_container cornerlefttop has_bg_color\"><div class=\"vc_column-inner us_custom_5dc3df59\"><div class=\"wpb_wrapper\"><div class=\"g-cols wpb_row via_flex valign_middle type_boxes stacking_default\"><div class=\"vc_col-sm-12 wpb_column vc_column_container\"><div class=\"vc_column-inner\"><div class=\"wpb_wrapper\"><div class=\"wpb_text_column us_custom_6745946f has_text_color\"><div class=\"wpb_wrapper\"><h4>Bibliographie s\u00e9lective<\/h4>\n<\/div><\/div><div class=\"w-separator size_small\"><\/div><div class=\"wpb_text_column\"><div class=\"wpb_wrapper\"><ul>\n<li>Bossuat,\u00a0G. (2002). Histoire de l\u2019unit\u00e9 europ\u00e9enne et avenir de l\u2019Union.\u00a0<em>Mat\u00e9riaux pour l\u2019histoire de notre temps<\/em>,\u00a0<em>65<\/em>(1), 91\u201397.\u00a0<a href=\"https:\/\/doi.org\/10.3406\/mat.2002.403321\">https:\/\/doi.org\/10.3406\/mat.2002.403321<\/a><\/li>\n<li>Degryse,\u00a0C. (2011).\u00a0<em>Dictionnaire de l\u2019Union europ\u00e9enne\u00a0: Politiques, institutions, programmes<\/em>(4<sup>e<\/sup>\u00a0\u00e9d.). De Boeck Universit\u00e9.<\/li>\n<li>Pernot,\u00a0J.-M. (s.\u00a0d.). Engagements internationaux dans la guerre froide. Dans\u00a0<em>La CGT dans les ann\u00e9es 1950<\/em>(p.\u00a0435\u2013447). Presses universitaires de Rennes.\u00a0<a href=\"https:\/\/doi.org\/10.4000\/books.pur.18954\">https:\/\/doi.org\/10.4000\/books.pur.18954<\/a><\/li>\n<li>Orsini,\u00a0A. (2014).\u00a0<em>The european union with international organisations\u00a0: Commitment, consistency and effects across time<\/em>.<\/li>\n<li>Renout,\u00a0H. (2009).\u00a0<em>Institutions europ\u00e9ennes<\/em>. Paradigme CPU.<\/li>\n<li>Van\u00a0der\u00a0Linden,\u00a0M. (2006). 5. Syndicalismes et \u00ab nouveaux \u00bb mouvements sociaux autour de 1968. Dans\u00a0<em>L\u2019apog\u00e9e des syndicalismes en Europe occidentale<\/em>(p.\u00a0139\u2013166). \u00c9ditions de la Sorbonne.\u00a0<a href=\"https:\/\/doi.org\/10.4000\/books.psorbonne.44543\">https:\/\/doi.org\/10.4000\/books.psorbonne.44543<\/a><\/li>\n<li>Visser,\u00a0J. (1989).\u00a0<em>European trade unions in figures<\/em>. Kluwer Law and Taxation Publishers.<\/li>\n<\/ul>\n<\/div><\/div><\/div><\/div><\/div><\/div><\/div><\/div><\/div><\/div><\/div><\/section><section class=\"l-section wpb_row height_auto\"><div class=\"l-section-h i-cf\"><div class=\"g-cols vc_row via_flex valign_top type_default stacking_default\"><div class=\"vc_col-sm-2 wpb_column vc_column_container\"><div class=\"vc_column-inner\"><div class=\"wpb_wrapper\"><div class=\"w-image us_custom_3880b28b cornerbottomright has_ratio align_none\"><div class=\"w-image-h\"><div style=\"padding-bottom:100%\"><\/div><img decoding=\"async\" width=\"500\" height=\"495\" src=\"https:\/\/unionsyndicale.eu\/wp-content\/uploads\/2023\/04\/IMG_9245-1-500x495-1.jpeg\" class=\"attachment-large size-large\" alt=\"\" loading=\"lazy\" \/><\/div><\/div><\/div><\/div><\/div><div class=\"vc_col-sm-10 wpb_column vc_column_container cornerleftbottom\"><div class=\"vc_column-inner us_custom_77db9625\"><div class=\"wpb_wrapper\"><div class=\"wpb_text_column\"><div class=\"wpb_wrapper\"><h4>Emmanuel Wietzel<\/h4>\n<\/div><\/div><div class=\"w-separator size_small\"><\/div><div class=\"wpb_text_column us_custom_fc36dcad\"><div class=\"wpb_wrapper\"><h6>About the Author<\/h6>\n<\/div><\/div><div class=\"w-separator size_small\"><\/div><div class=\"wpb_text_column us_custom_432d3f53\"><div class=\"wpb_wrapper\"><p>Teacher, trade union trainer at the french Conf\u00e9d\u00e9ration G\u00e9n\u00e9rale du Travail and Euro.trainer of the ToT network of the European Trade Union Institute (ETUI), former head of the Asia-Pacific sector of the UGICT-CGT international team, great supporter of public service and social dialogue, passionate about European construction and the history of the international trade union movement. Managing Director of Union Syndicale since 2017.<\/p>\n<p>I would like to warmly thank Ms Agn\u00e8s Brouet, from the European University Institute in Florence, who gave me access to many of the Institute\u2019s archives shedding light on the creation of European trade unions (in particular USB and ETUC).<\/p>\n<\/div><\/div><\/div><\/div><\/div><\/div><\/div><\/section>\n","protected":false},"featured_media":0,"menu_order":0,"template":"","meta":{"_acf_changed":false},"agora_edition":[79],"class_list":["post-2517","agora_article","type-agora_article","status-publish","hentry","agora_edition-agora-88-en"],"acf":[],"yoast_head":"<!-- This site is optimized with the Yoast SEO plugin v27.3 - https:\/\/yoast.com\/product\/yoast-seo-wordpress\/ -->\n<title>Archeology of the US - Union Syndicale<\/title>\n<meta name=\"description\" content=\"Union Syndicale Service Public Europ\u00e9en \u2013 Bruxelles (USB) was founded on Thursday, 25 January 1973 at a constituent general meeting of members of the SGPOE \u2013 Bruxelles regroupement...\" \/>\n<meta name=\"robots\" content=\"index, follow, max-snippet:-1, max-image-preview:large, max-video-preview:-1\" \/>\n<link rel=\"canonical\" href=\"https:\/\/unionsyndicale.eu\/en\/agora_article\/archeology-of-the-us\/\" \/>\n<meta property=\"og:locale\" content=\"en_US\" \/>\n<meta property=\"og:type\" content=\"article\" \/>\n<meta property=\"og:title\" content=\"Archeology of the US - Union Syndicale\" \/>\n<meta property=\"og:description\" content=\"Union Syndicale Service Public Europ\u00e9en \u2013 Bruxelles (USB) was founded on Thursday, 25 January 1973 at a constituent general meeting of members of the SGPOE \u2013 Bruxelles regroupement...\" \/>\n<meta property=\"og:url\" content=\"https:\/\/unionsyndicale.eu\/en\/agora_article\/archeology-of-the-us\/\" \/>\n<meta property=\"og:site_name\" content=\"Union Syndicale\" \/>\n<meta property=\"article:modified_time\" content=\"2023-07-24T14:29:25+00:00\" \/>\n<meta name=\"twitter:card\" content=\"summary_large_image\" \/>\n<meta name=\"twitter:label1\" content=\"Est. reading time\" \/>\n\t<meta name=\"twitter:data1\" content=\"10 minutes\" \/>\n<script type=\"application\/ld+json\" class=\"yoast-schema-graph\">{\"@context\":\"https:\\\/\\\/schema.org\",\"@graph\":[{\"@type\":\"WebPage\",\"@id\":\"https:\\\/\\\/unionsyndicale.eu\\\/en\\\/agora_article\\\/archeology-of-the-us\\\/\",\"url\":\"https:\\\/\\\/unionsyndicale.eu\\\/en\\\/agora_article\\\/archeology-of-the-us\\\/\",\"name\":\"Archeology of the US - Union Syndicale\",\"isPartOf\":{\"@id\":\"https:\\\/\\\/unionsyndicale.eu\\\/en\\\/#website\"},\"datePublished\":\"2023-04-24T08:52:44+00:00\",\"dateModified\":\"2023-07-24T14:29:25+00:00\",\"description\":\"Union Syndicale Service Public Europ\u00e9en \u2013 Bruxelles (USB) was founded on Thursday, 25 January 1973 at a constituent general meeting of members of the SGPOE \u2013 Bruxelles regroupement...\",\"breadcrumb\":{\"@id\":\"https:\\\/\\\/unionsyndicale.eu\\\/en\\\/agora_article\\\/archeology-of-the-us\\\/#breadcrumb\"},\"inLanguage\":\"en-US\",\"potentialAction\":[{\"@type\":\"ReadAction\",\"target\":[\"https:\\\/\\\/unionsyndicale.eu\\\/en\\\/agora_article\\\/archeology-of-the-us\\\/\"]}]},{\"@type\":\"BreadcrumbList\",\"@id\":\"https:\\\/\\\/unionsyndicale.eu\\\/en\\\/agora_article\\\/archeology-of-the-us\\\/#breadcrumb\",\"itemListElement\":[{\"@type\":\"ListItem\",\"position\":1,\"name\":\"Home\",\"item\":\"https:\\\/\\\/unionsyndicale.eu\\\/en\\\/\"},{\"@type\":\"ListItem\",\"position\":2,\"name\":\"Archeology of the US\"}]},{\"@type\":\"WebSite\",\"@id\":\"https:\\\/\\\/unionsyndicale.eu\\\/en\\\/#website\",\"url\":\"https:\\\/\\\/unionsyndicale.eu\\\/en\\\/\",\"name\":\"Union Syndicale\",\"description\":\"\",\"potentialAction\":[{\"@type\":\"SearchAction\",\"target\":{\"@type\":\"EntryPoint\",\"urlTemplate\":\"https:\\\/\\\/unionsyndicale.eu\\\/en\\\/?s={search_term_string}\"},\"query-input\":{\"@type\":\"PropertyValueSpecification\",\"valueRequired\":true,\"valueName\":\"search_term_string\"}}],\"inLanguage\":\"en-US\"}]}<\/script>\n<!-- \/ Yoast SEO plugin. -->","yoast_head_json":{"title":"Archeology of the US - Union Syndicale","description":"Union Syndicale Service Public Europ\u00e9en \u2013 Bruxelles (USB) was founded on Thursday, 25 January 1973 at a constituent general meeting of members of the SGPOE \u2013 Bruxelles regroupement...","robots":{"index":"index","follow":"follow","max-snippet":"max-snippet:-1","max-image-preview":"max-image-preview:large","max-video-preview":"max-video-preview:-1"},"canonical":"https:\/\/unionsyndicale.eu\/en\/agora_article\/archeology-of-the-us\/","og_locale":"en_US","og_type":"article","og_title":"Archeology of the US - Union Syndicale","og_description":"Union Syndicale Service Public Europ\u00e9en \u2013 Bruxelles (USB) was founded on Thursday, 25 January 1973 at a constituent general meeting of members of the SGPOE \u2013 Bruxelles regroupement...","og_url":"https:\/\/unionsyndicale.eu\/en\/agora_article\/archeology-of-the-us\/","og_site_name":"Union Syndicale","article_modified_time":"2023-07-24T14:29:25+00:00","twitter_card":"summary_large_image","twitter_misc":{"Est. reading time":"10 minutes"},"schema":{"@context":"https:\/\/schema.org","@graph":[{"@type":"WebPage","@id":"https:\/\/unionsyndicale.eu\/en\/agora_article\/archeology-of-the-us\/","url":"https:\/\/unionsyndicale.eu\/en\/agora_article\/archeology-of-the-us\/","name":"Archeology of the US - Union Syndicale","isPartOf":{"@id":"https:\/\/unionsyndicale.eu\/en\/#website"},"datePublished":"2023-04-24T08:52:44+00:00","dateModified":"2023-07-24T14:29:25+00:00","description":"Union Syndicale Service Public Europ\u00e9en \u2013 Bruxelles (USB) was founded on Thursday, 25 January 1973 at a constituent general meeting of members of the SGPOE \u2013 Bruxelles regroupement...","breadcrumb":{"@id":"https:\/\/unionsyndicale.eu\/en\/agora_article\/archeology-of-the-us\/#breadcrumb"},"inLanguage":"en-US","potentialAction":[{"@type":"ReadAction","target":["https:\/\/unionsyndicale.eu\/en\/agora_article\/archeology-of-the-us\/"]}]},{"@type":"BreadcrumbList","@id":"https:\/\/unionsyndicale.eu\/en\/agora_article\/archeology-of-the-us\/#breadcrumb","itemListElement":[{"@type":"ListItem","position":1,"name":"Home","item":"https:\/\/unionsyndicale.eu\/en\/"},{"@type":"ListItem","position":2,"name":"Archeology of the US"}]},{"@type":"WebSite","@id":"https:\/\/unionsyndicale.eu\/en\/#website","url":"https:\/\/unionsyndicale.eu\/en\/","name":"Union Syndicale","description":"","potentialAction":[{"@type":"SearchAction","target":{"@type":"EntryPoint","urlTemplate":"https:\/\/unionsyndicale.eu\/en\/?s={search_term_string}"},"query-input":{"@type":"PropertyValueSpecification","valueRequired":true,"valueName":"search_term_string"}}],"inLanguage":"en-US"}]}},"_links":{"self":[{"href":"https:\/\/unionsyndicale.eu\/en\/wp-json\/wp\/v2\/agora_article\/2517","targetHints":{"allow":["GET"]}}],"collection":[{"href":"https:\/\/unionsyndicale.eu\/en\/wp-json\/wp\/v2\/agora_article"}],"about":[{"href":"https:\/\/unionsyndicale.eu\/en\/wp-json\/wp\/v2\/types\/agora_article"}],"wp:attachment":[{"href":"https:\/\/unionsyndicale.eu\/en\/wp-json\/wp\/v2\/media?parent=2517"}],"wp:term":[{"taxonomy":"agora_edition","embeddable":true,"href":"https:\/\/unionsyndicale.eu\/en\/wp-json\/wp\/v2\/agora_edition?post=2517"}],"curies":[{"name":"wp","href":"https:\/\/api.w.org\/{rel}","templated":true}]}}